{"id":14224,"date":"2023-03-13T08:53:31","date_gmt":"2023-03-13T07:53:31","guid":{"rendered":"https:\/\/velafrica.ch\/?p=14224"},"modified":"2026-01-29T09:03:22","modified_gmt":"2026-01-29T08:03:22","slug":"le-delai-dinscription-pour-la-deuxieme-collecte-littoral-est-depassee","status":"publish","type":"post","link":"https:\/\/velafrica.ch\/fr\/le-delai-dinscription-pour-la-deuxieme-collecte-littoral-est-depassee\/","title":{"rendered":"Le d\u00e9lai d&rsquo;inscription pour la deuxi\u00e8me collecte Littoral est d\u00e9pass\u00e9e"},"content":{"rendered":"\n<p>Nous vous remercions de votre int\u00e9r\u00eat! Le d\u00e9lai d&rsquo;inscription pour l&rsquo;action de collecte dans la r\u00e9gion du Littoral est d\u00e9pass\u00e9e. <strong>Les personnes qui ont enregistr\u00e9 leurs dons de v\u00e9los jusqu&rsquo;au 12 mars recevront prochainement un courrier contenant des \u00e9tiquettes pour marquer les v\u00e9los ainsi que des informations sur la date pr\u00e9vue pour l&rsquo;enl\u00e8vement.<\/strong><\/p>\n","protected":false},"excerpt":{"rendered":"<p>Nous vous remercions de votre int\u00e9r\u00eat! Le d\u00e9lai d&rsquo;inscription pour l&rsquo;action de collecte dans la r\u00e9gion du Littoral est d\u00e9pass\u00e9e. [&#8230;]<\/p>\n<p><a class=\"btn btn-secondary understrap-read-more-link\" href=\"https:\/\/velafrica.ch\/fr\/le-delai-dinscription-pour-la-deuxieme-collecte-littoral-est-depassee\/\">Lire la suite\u2026<span class=\"screen-reader-text\"> from Le d\u00e9lai d&rsquo;inscription pour la deuxi\u00e8me collecte Littoral est d\u00e9pass\u00e9e<\/span><\/a><\/p>\n","protected":false},"author":27,"featured_media":9589,"comment_status":"closed","ping_status":"open","sticky":false,"template":"","format":"standard","meta":{"_acf_changed":false,"footnotes":""},"categories":[1],"tags":[],"class_list":["post-14224","post","type-post","status-publish","format-standard","has-post-thumbnail","hentry","category-unkategorisiert"],"acf":[],"_links":{"self":[{"href":"https:\/\/velafrica.ch\/fr\/wp-json\/wp\/v2\/posts\/14224","targetHints":{"allow":["GET"]}}],"collection":[{"href":"https:\/\/velafrica.ch\/fr\/wp-json\/wp\/v2\/posts"}],"about":[{"href":"https:\/\/velafrica.ch\/fr\/wp-json\/wp\/v2\/types\/post"}],"author":[{"embeddable":true,"href":"https:\/\/velafrica.ch\/fr\/wp-json\/wp\/v2\/users\/27"}],"replies":[{"embeddable":true,"href":"https:\/\/velafrica.ch\/fr\/wp-json\/wp\/v2\/comments?post=14224"}],"version-history":[{"count":2,"href":"https:\/\/velafrica.ch\/fr\/wp-json\/wp\/v2\/posts\/14224\/revisions"}],"predecessor-version":[{"id":14230,"href":"https:\/\/velafrica.ch\/fr\/wp-json\/wp\/v2\/posts\/14224\/revisions\/14230"}],"wp:featuredmedia":[{"embeddable":true,"href":"https:\/\/velafrica.ch\/fr\/wp-json\/wp\/v2\/media\/9589"}],"wp:attachment":[{"href":"https:\/\/velafrica.ch\/fr\/wp-json\/wp\/v2\/media?parent=14224"}],"wp:term":[{"taxonomy":"category","embeddable":true,"href":"https:\/\/velafrica.ch\/fr\/wp-json\/wp\/v2\/categories?post=14224"},{"taxonomy":"post_tag","embeddable":true,"href":"https:\/\/velafrica.ch\/fr\/wp-json\/wp\/v2\/tags?post=14224"}],"curies":[{"name":"wp","href":"https:\/\/api.w.org\/{rel}","templated":true}]}}